{"id":1129,"date":"2018-07-31T21:13:02","date_gmt":"2018-07-31T19:13:02","guid":{"rendered":"http:\/\/medynia-lancucka.osp.org.pl\/?p=1129"},"modified":"2018-09-02T19:23:14","modified_gmt":"2018-09-02T17:23:14","slug":"31-07-2018-r-usuwanie-skutkow-nawalnicy-w-dabrowkach","status":"publish","type":"post","link":"http:\/\/medynia-lancucka.osp.org.pl\/?p=1129","title":{"rendered":"31.07.2018 r Usuwanie skutk\u00f3w nawa\u0142nicy w D\u0105br\u00f3wkach"},"content":{"rendered":"<p>31 lipca przez nasz powiat przesz\u0142a wichura. Najwi\u0119ksze zniszczenia mia\u0142y miejsce w miejscowo\u015bci D\u0105br\u00f3wki w gminie Czarna. W sumie uczestniczyli\u015bmy w sze\u015bciu zdarzeniach zwi\u0105zanych z usuwaniem skutk\u00f3w wichury, 31 lipca i 1 sierpnia tj. 4 miejscowe zagro\u017cenia i 2 alarmy fa\u0142szywe. Du\u017cym wyzwaniem by\u0142o powalone drzewo na budynek mieszkalny w D\u0105br\u00f3wkach.<\/p>\n<div id='gallery-1' class='gallery galleryid-1129 gallery-columns-3 gallery-size-colormag-featured-image'><figure class='gallery-item'>\n\t\t\t<div class='gallery-icon landscape'>\n\t\t\t\t<a href='http:\/\/medynia-lancucka.osp.org.pl\/?attachment_id=1135'><img width=\"800\" height=\"445\" src=\"http:\/\/medynia-lancucka.osp.org.pl\/wp-content\/uploads\/2018\/09\/11-800x445.jpg\" class=\"attachment-colormag-featured-image size-colormag-featured-image\" alt=\"\" loading=\"lazy\" \/><\/a>\n\t\t\t<\/div><\/figure><figure class='gallery-item'>\n\t\t\t<div class='gallery-icon landscape'>\n\t\t\t\t<a href='http:\/\/medynia-lancucka.osp.org.pl\/?attachment_id=1132'><img width=\"800\" height=\"445\" src=\"http:\/\/medynia-lancucka.osp.org.pl\/wp-content\/uploads\/2018\/09\/14-800x445.jpg\" class=\"attachment-colormag-featured-image size-colormag-featured-image\" alt=\"\" loading=\"lazy\" \/><\/a>\n\t\t\t<\/div><\/figure><figure class='gallery-item'>\n\t\t\t<div class='gallery-icon landscape'>\n\t\t\t\t<a href='http:\/\/medynia-lancucka.osp.org.pl\/?attachment_id=1133'><img width=\"800\" height=\"445\" src=\"http:\/\/medynia-lancucka.osp.org.pl\/wp-content\/uploads\/2018\/09\/13-800x445.jpg\" class=\"attachment-colormag-featured-image size-colormag-featured-image\" alt=\"\" loading=\"lazy\" \/><\/a>\n\t\t\t<\/div><\/figure><figure class='gallery-item'>\n\t\t\t<div class='gallery-icon landscape'>\n\t\t\t\t<a href='http:\/\/medynia-lancucka.osp.org.pl\/?attachment_id=1134'><img width=\"800\" height=\"445\" src=\"http:\/\/medynia-lancucka.osp.org.pl\/wp-content\/uploads\/2018\/09\/12-800x445.jpg\" class=\"attachment-colormag-featured-image size-colormag-featured-image\" alt=\"\" loading=\"lazy\" \/><\/a>\n\t\t\t<\/div><\/figure><figure class='gallery-item'>\n\t\t\t<div class='gallery-icon portrait'>\n\t\t\t\t<a href='http:\/\/medynia-lancucka.osp.org.pl\/?attachment_id=1131'><img width=\"720\" height=\"445\" src=\"http:\/\/medynia-lancucka.osp.org.pl\/wp-content\/uploads\/2018\/09\/15-720x445.jpg\" class=\"attachment-colormag-featured-image size-colormag-featured-image\" alt=\"\" loading=\"lazy\" \/><\/a>\n\t\t\t<\/div><\/figure><figure class='gallery-item'>\n\t\t\t<div class='gallery-icon landscape'>\n\t\t\t\t<a href='http:\/\/medynia-lancucka.osp.org.pl\/?attachment_id=1130'><img width=\"800\" height=\"445\" src=\"http:\/\/medynia-lancucka.osp.org.pl\/wp-content\/uploads\/2018\/09\/16-800x445.jpg\" class=\"attachment-colormag-featured-image size-colormag-featured-image\" alt=\"\" loading=\"lazy\" \/><\/a>\n\t\t\t<\/div><\/figure>\n\t\t<\/div>\n\n","protected":false},"excerpt":{"rendered":"<p>31 lipca przez nasz powiat przesz\u0142a wichura. Najwi\u0119ksze zniszczenia mia\u0142y miejsce w miejscowo\u015bci D\u0105br\u00f3wki w gminie Czarna. W sumie uczestniczyli\u015bmy<\/p>\n","protected":false},"author":1,"featured_media":0,"comment_status":"open","ping_status":"open","sticky":false,"template":"","format":"gallery","meta":[],"categories":[7],"tags":[],"_links":{"self":[{"href":"http:\/\/medynia-lancucka.osp.org.pl\/index.php?rest_route=\/wp\/v2\/posts\/1129"}],"collection":[{"href":"http:\/\/medynia-lancucka.osp.org.pl\/index.php?rest_route=\/wp\/v2\/posts"}],"about":[{"href":"http:\/\/medynia-lancucka.osp.org.pl\/index.php?rest_route=\/wp\/v2\/types\/post"}],"author":[{"embeddable":true,"href":"http:\/\/medynia-lancucka.osp.org.pl\/index.php?rest_route=\/wp\/v2\/users\/1"}],"replies":[{"embeddable":true,"href":"http:\/\/medynia-lancucka.osp.org.pl\/index.php?rest_route=%2Fwp%2Fv2%2Fcomments&post=1129"}],"version-history":[{"count":1,"href":"http:\/\/medynia-lancucka.osp.org.pl\/index.php?rest_route=\/wp\/v2\/posts\/1129\/revisions"}],"predecessor-version":[{"id":1136,"href":"http:\/\/medynia-lancucka.osp.org.pl\/index.php?rest_route=\/wp\/v2\/posts\/1129\/revisions\/1136"}],"wp:attachment":[{"href":"http:\/\/medynia-lancucka.osp.org.pl\/index.php?rest_route=%2Fwp%2Fv2%2Fmedia&parent=1129"}],"wp:term":[{"taxonomy":"category","embeddable":true,"href":"http:\/\/medynia-lancucka.osp.org.pl\/index.php?rest_route=%2Fwp%2Fv2%2Fcategories&post=1129"},{"taxonomy":"post_tag","embeddable":true,"href":"http:\/\/medynia-lancucka.osp.org.pl\/index.php?rest_route=%2Fwp%2Fv2%2Ftags&post=1129"}],"curies":[{"name":"wp","href":"https:\/\/api.w.org\/{rel}","templated":true}]}}