{"id":1698,"date":"2021-08-01T11:11:31","date_gmt":"2021-08-01T09:11:31","guid":{"rendered":"http:\/\/medynia-lancucka.osp.org.pl\/?p=1698"},"modified":"2021-08-15T23:40:09","modified_gmt":"2021-08-15T21:40:09","slug":"zaproszenie-dla-dostawcow-do-wziecia-udzialu-w-skladaniu-ofert-na-dostarczenie-wyposazenia-strazackiego","status":"publish","type":"post","link":"http:\/\/medynia-lancucka.osp.org.pl\/?p=1698","title":{"rendered":"Zaproszenie dla dostawc\u00f3w do wzi\u0119cia udzia\u0142u w sk\u0142adaniu ofert na dostarczenie wyposa\u017cenia stra\u017cackiego."},"content":{"rendered":"\n<p>Ochotnicza Stra\u017c Po\u017carna w Medyni \u0141a\u0144cuckiej zaprasza dostawc\u00f3w do wzi\u0119cia udzia\u0142u w sk\u0142adaniu ofert na dostarczenie wyposa\u017cenia                                 p. n. <strong>\u201eDoposa\u017cenie Ochotniczej Stra\u017cy Po\u017carnej &nbsp;&nbsp;w miejscowo\u015bci Medynia \u0141a\u0144cucka celem zwi\u0119kszenia potencja\u0142u technicznego\u201d&nbsp;<\/strong>dla Ochotniczej Stra\u017cy Po\u017carnej w Medyni \u0141a\u0144cuckiej.<\/p>\n\n\n\n<p>Szczeg\u00f3\u0142owe informacje znajduj\u0105 si\u0119 w za\u0142\u0105czonym zapytaniu, prosimy o dok\u0142adne zapoznanie z informacjami w nim zawartymi.<\/p>\n\n\n\n<div class=\"wp-block-file\"><a href=\"http:\/\/medynia-lancucka.osp.org.pl\/wp-content\/uploads\/2021\/08\/Druk-oferty-na-dostawe-wyposazenia-OSP-w-Medyni-Lancuckiej.docx\">Druk oferty na dostaw\u0119 wyposa\u017cenia OSP w Medyni \u0141a\u0144cuckiej<\/a><a href=\"http:\/\/medynia-lancucka.osp.org.pl\/wp-content\/uploads\/2021\/08\/Druk-oferty-na-dostawe-wyposazenia-OSP-w-Medyni-Lancuckiej.docx\" class=\"wp-block-file__button\" download>Pobierz<\/a><\/div>\n\n\n\n<div class=\"wp-block-file\"><a href=\"http:\/\/medynia-lancucka.osp.org.pl\/wp-content\/uploads\/2021\/08\/Wzor-umowy-na-dostawe-wyposazenia-dla-OSP-w-Medyni-Lancuckiej.doc\">Wz\u00f3r umowy na dostawe wyposa\u017cenia dla OSP w Medyni \u0141a\u0144cuckiej<\/a><a href=\"http:\/\/medynia-lancucka.osp.org.pl\/wp-content\/uploads\/2021\/08\/Wzor-umowy-na-dostawe-wyposazenia-dla-OSP-w-Medyni-Lancuckiej.doc\" class=\"wp-block-file__button\" download>Pobierz<\/a><\/div>\n\n\n\n<div class=\"wp-block-file\"><a href=\"http:\/\/medynia-lancucka.osp.org.pl\/wp-content\/uploads\/2021\/08\/Zapytanie-ofertowe-na-dostawe-wyposazenia-dla-OSP-w-Medyni-Lancuckiej.pdf\">Zapytanie ofertowe na dostawe wyposa\u017cenia dla OSP w Medyni \u0141a\u0144cuckiej<\/a><a href=\"http:\/\/medynia-lancucka.osp.org.pl\/wp-content\/uploads\/2021\/08\/Zapytanie-ofertowe-na-dostawe-wyposazenia-dla-OSP-w-Medyni-Lancuckiej.pdf\" class=\"wp-block-file__button\" download>Pobierz<\/a><\/div>\n\n\n\n<div class=\"wp-block-file\"><a href=\"http:\/\/medynia-lancucka.osp.org.pl\/wp-content\/uploads\/2021\/08\/Zawiadomienie-o-wyborze-najkorzystniejszej-oferty.pdf\">Zawiadomienie-o-wyborze-najkorzystniejszej-oferty<\/a><a href=\"http:\/\/medynia-lancucka.osp.org.pl\/wp-content\/uploads\/2021\/08\/Zawiadomienie-o-wyborze-najkorzystniejszej-oferty.pdf\" class=\"wp-block-file__button\" download>Pobierz<\/a><\/div>\n\n\n\n<p><\/p>\n","protected":false},"excerpt":{"rendered":"<p>Ochotnicza Stra\u017c Po\u017carna w Medyni \u0141a\u0144cuckiej zaprasza dostawc\u00f3w do wzi\u0119cia udzia\u0142u w sk\u0142adaniu ofert na dostarczenie wyposa\u017cenia p. n. \u201eDoposa\u017cenie<\/p>\n","protected":false},"author":3,"featured_media":0,"comment_status":"open","ping_status":"open","sticky":false,"template":"","format":"standard","meta":[],"categories":[1],"tags":[],"_links":{"self":[{"href":"http:\/\/medynia-lancucka.osp.org.pl\/index.php?rest_route=\/wp\/v2\/posts\/1698"}],"collection":[{"href":"http:\/\/medynia-lancucka.osp.org.pl\/index.php?rest_route=\/wp\/v2\/posts"}],"about":[{"href":"http:\/\/medynia-lancucka.osp.org.pl\/index.php?rest_route=\/wp\/v2\/types\/post"}],"author":[{"embeddable":true,"href":"http:\/\/medynia-lancucka.osp.org.pl\/index.php?rest_route=\/wp\/v2\/users\/3"}],"replies":[{"embeddable":true,"href":"http:\/\/medynia-lancucka.osp.org.pl\/index.php?rest_route=%2Fwp%2Fv2%2Fcomments&post=1698"}],"version-history":[{"count":3,"href":"http:\/\/medynia-lancucka.osp.org.pl\/index.php?rest_route=\/wp\/v2\/posts\/1698\/revisions"}],"predecessor-version":[{"id":1706,"href":"http:\/\/medynia-lancucka.osp.org.pl\/index.php?rest_route=\/wp\/v2\/posts\/1698\/revisions\/1706"}],"wp:attachment":[{"href":"http:\/\/medynia-lancucka.osp.org.pl\/index.php?rest_route=%2Fwp%2Fv2%2Fmedia&parent=1698"}],"wp:term":[{"taxonomy":"category","embeddable":true,"href":"http:\/\/medynia-lancucka.osp.org.pl\/index.php?rest_route=%2Fwp%2Fv2%2Fcategories&post=1698"},{"taxonomy":"post_tag","embeddable":true,"href":"http:\/\/medynia-lancucka.osp.org.pl\/index.php?rest_route=%2Fwp%2Fv2%2Ftags&post=1698"}],"curies":[{"name":"wp","href":"https:\/\/api.w.org\/{rel}","templated":true}]}}