{"id":729,"date":"2017-11-04T09:13:25","date_gmt":"2017-11-04T08:13:25","guid":{"rendered":"http:\/\/medynia-lancucka.osp.org.pl\/?p=729"},"modified":"2017-11-05T10:08:29","modified_gmt":"2017-11-05T09:08:29","slug":"03-11-2017r-medynia-glogowska-pomoc-pogotowiu","status":"publish","type":"post","link":"http:\/\/medynia-lancucka.osp.org.pl\/?p=729","title":{"rendered":"03.11.2017r. Medynia G\u0142ogowska Pomoc Pogotowiu"},"content":{"rendered":"<p>Tego dnia o godzinie 15:30 zostali\u015bmy zadysponowani do pomocy Karetce Pogotowia Ratunkowego ,kt\u00f3ra podczas wyjazdu z posesji z poszkodowana osob\u0105 ugrz\u0119z\u0142a na podmok\u0142ej drodze. Pojazd zosta\u0142 wyci\u0105gni\u0119ty za pomoc\u0105 wyci\u0105garki samochodowej na samochodzie GBA oraz ci\u0105gnika rolniczego jednego z pobliskich mieszka\u0144c\u00f3w.<\/p>\n<div id='gallery-1' class='gallery galleryid-729 gallery-columns-3 gallery-size-colormag-featured-image'><figure class='gallery-item'>\n\t\t\t<div class='gallery-icon landscape'>\n\t\t\t\t<a href='http:\/\/medynia-lancucka.osp.org.pl\/?attachment_id=730'><img width=\"800\" height=\"445\" src=\"http:\/\/medynia-lancucka.osp.org.pl\/wp-content\/uploads\/2017\/11\/ambulans-800x445.jpg\" class=\"attachment-colormag-featured-image size-colormag-featured-image\" alt=\"\" loading=\"lazy\" \/><\/a>\n\t\t\t<\/div><\/figure>\n\t\t<\/div>\n\n","protected":false},"excerpt":{"rendered":"<p>Tego dnia o godzinie 15:30 zostali\u015bmy zadysponowani do pomocy Karetce Pogotowia Ratunkowego ,kt\u00f3ra podczas wyjazdu z posesji z poszkodowana osob\u0105<\/p>\n","protected":false},"author":1,"featured_media":0,"comment_status":"open","ping_status":"open","sticky":false,"template":"","format":"gallery","meta":[],"categories":[7],"tags":[],"_links":{"self":[{"href":"http:\/\/medynia-lancucka.osp.org.pl\/index.php?rest_route=\/wp\/v2\/posts\/729"}],"collection":[{"href":"http:\/\/medynia-lancucka.osp.org.pl\/index.php?rest_route=\/wp\/v2\/posts"}],"about":[{"href":"http:\/\/medynia-lancucka.osp.org.pl\/index.php?rest_route=\/wp\/v2\/types\/post"}],"author":[{"embeddable":true,"href":"http:\/\/medynia-lancucka.osp.org.pl\/index.php?rest_route=\/wp\/v2\/users\/1"}],"replies":[{"embeddable":true,"href":"http:\/\/medynia-lancucka.osp.org.pl\/index.php?rest_route=%2Fwp%2Fv2%2Fcomments&post=729"}],"version-history":[{"count":1,"href":"http:\/\/medynia-lancucka.osp.org.pl\/index.php?rest_route=\/wp\/v2\/posts\/729\/revisions"}],"predecessor-version":[{"id":731,"href":"http:\/\/medynia-lancucka.osp.org.pl\/index.php?rest_route=\/wp\/v2\/posts\/729\/revisions\/731"}],"wp:attachment":[{"href":"http:\/\/medynia-lancucka.osp.org.pl\/index.php?rest_route=%2Fwp%2Fv2%2Fmedia&parent=729"}],"wp:term":[{"taxonomy":"category","embeddable":true,"href":"http:\/\/medynia-lancucka.osp.org.pl\/index.php?rest_route=%2Fwp%2Fv2%2Fcategories&post=729"},{"taxonomy":"post_tag","embeddable":true,"href":"http:\/\/medynia-lancucka.osp.org.pl\/index.php?rest_route=%2Fwp%2Fv2%2Ftags&post=729"}],"curies":[{"name":"wp","href":"https:\/\/api.w.org\/{rel}","templated":true}]}}